{"id":777,"date":"2022-11-03T12:14:27","date_gmt":"2022-11-03T15:14:27","guid":{"rendered":"https:\/\/here.abennacional.org.br\/revista\/here\/?p=777"},"modified":"2023-04-06T07:50:43","modified_gmt":"2023-04-06T10:50:43","slug":"volume-13-n-2-2022","status":"publish","type":"post","link":"https:\/\/here.abennacional.org.br\/?p=777","title":{"rendered":"VOLUME 13 n.2 2022"},"content":{"rendered":"\n<figure class=\"wp-block-image size-full\"><a href=\"https:\/\/here.abennacional.org.br\/wp-content\/uploads\/2017\/03\/HERE_banner_2_site.gif\"><img loading=\"lazy\" decoding=\"async\" width=\"389\" height=\"131\" src=\"https:\/\/here.abennacional.org.br\/wp-content\/uploads\/2017\/03\/HERE_banner_2_site.gif\" alt=\"\" class=\"wp-image-507\"\/><\/a><\/figure>\n\n\n\n<figure class=\"wp-block-table is-style-stripes\"><table><tbody><tr><td class=\"has-text-align-left\" data-align=\"left\"><strong>EDITORIAL<\/strong><\/td><\/tr><tr><td class=\"has-text-align-left\" data-align=\"left\"><a aria-label=\" (opens in a new tab)\" href=\"https:\/\/here.abennacional.org.br\/here\/v13\/n2\/EDITORIAL_pt.pdf\" target=\"_blank\" rel=\"noreferrer noopener\" class=\"ek-link\"><strong>Especializa\u00e7\u00e3o em Hist\u00f3ria da Enfermagem<\/strong><\/a><br>Fernando Porto<\/td><\/tr><tr><td class=\"has-text-align-left\" data-align=\"left\"><a href=\"https:\/\/here.abennacional.org.br\/here\/v13\/n2\/EDITORIAL_en.pdf\" target=\"_blank\" aria-label=\" (opens in a new tab)\" rel=\"noreferrer noopener\" class=\"ek-link\"><strong>Specialization in History of Nursing<\/strong><\/a><br>Fernando Porto<\/td><\/tr><tr><td class=\"has-text-align-left\" data-align=\"left\"><a href=\"https:\/\/here.abennacional.org.br\/here\/v13\/n2\/EDITORIAL_es.pdf\" target=\"_blank\" aria-label=\" (opens in a new tab)\" rel=\"noreferrer noopener\" class=\"ek-link\"><strong>Especializaci\u00f3n en la Historia de la Enfermer\u00eda<\/strong><\/a><br>Fernando Porto<\/td><\/tr><\/tbody><\/table><\/figure>\n\n\n\n<figure class=\"wp-block-table is-style-stripes\"><table><tbody><tr><td class=\"has-text-align-left\" data-align=\"left\"><strong>ARTIGOS ORIGINAIS<\/strong><\/td><\/tr><tr><td class=\"has-text-align-left\" data-align=\"left\"><a href=\"https:\/\/here.abennacional.org.br\/here\/v13\/n2\/a1.pdf\" target=\"_blank\" aria-label=\" (opens in a new tab)\" rel=\"noreferrer noopener\" class=\"ek-link\"><strong>Marcos hist\u00f3ricos e legais da educa\u00e7\u00e3o profissional t\u00e9cnica de n\u00edvel m\u00e9dio em enfermagem no Brasil ao longo de 90 anos<\/strong><\/a><br><em>Historical and legal landmarks of middle-level technical professional education in nursing in Brazil over 90 years<br>Hitos hist\u00f3ricos y jur\u00eddicos de la formaci\u00f3n profesional t\u00e9cnica secundaria en enfermer\u00eda en Brasil a lo largo de 90 a\u00f1os<\/em><br>Gilberto Tadeu Reis da Silva, Ludmila Anjos de Jesus, Ingryd Vanessa Santos do Nascimento, Let\u00edcia Melquiades Nascimento, Silvana Lima Vieira<\/td><\/tr><tr><td class=\"has-text-align-left\" data-align=\"left\"><a aria-label=\" (opens in a new tab)\" href=\"https:\/\/here.abennacional.org.br\/here\/v13\/n2\/a2.pdf\" target=\"_blank\" rel=\"noreferrer noopener\" class=\"ek-link\"><strong>A constru\u00e7\u00e3o do conhecimento no espa\u00e7o acad\u00eamico da Escola Paulista de Enfermagem<\/strong><\/a><br><em>Knowledge construction in the academic space of the Escola Paulista de Enfermagem<br>La construcci\u00f3n del conocimiento en el espacio acad\u00e9mico de la Escola Paulista de Enfermagem<\/em><br>Shirley da Rocha Afonso, Vanessa Ribeiro Neves, Maria Itayra Padilha<\/td><\/tr><tr><td class=\"has-text-align-left\" data-align=\"left\"><a aria-label=\" (opens in a new tab)\" href=\"https:\/\/here.abennacional.org.br\/here\/v13\/n2\/a3.pdf\" target=\"_blank\" rel=\"noreferrer noopener\" class=\"ek-link\"><strong>Exposi\u00e7\u00e3o virtual: enfermagem sem fronteira<\/strong><\/a><br><em>Virtual exhibition: Nursing without borders<br>Exposici\u00f3n virtual: enfermer\u00eda sin fronteras<\/em><br>Kayllane Concei\u00e7\u00e3o Soares Souza, Breno da Silva Francisco de Lima, M\u00e1rcia Val\u00e9ria Rosa, Elen Soraia de Menezes Cabral, Luciana Barizon Luchesi, Fernando Porto<\/td><\/tr><\/tbody><\/table><\/figure>\n\n\n\n<figure class=\"wp-block-table is-style-stripes\"><table><tbody><tr><td class=\"has-text-align-left\" data-align=\"left\"><strong>IN MEMORIAM<\/strong><\/td><\/tr><tr><td class=\"has-text-align-left\" data-align=\"left\"><a href=\"https:\/\/here.abennacional.org.br\/here\/v13\/n2\/a4.pdf\" target=\"_blank\" aria-label=\" (opens in a new tab)\" rel=\"noreferrer noopener\" class=\"ek-link\"><strong>Miriam Susskind Borenstein: 16\/08\/1954 \u2013 23\/09\/2021<\/strong><\/a><br>Maria Itayra Padilha, Maria Ligia dos Reis Bellaguarda, Ana Rosete Camargo Rodrigues Maia<\/td><\/tr><\/tbody><\/table><\/figure>\n\n\n\n<figure class=\"wp-block-table is-style-stripes\"><table><tbody><tr><td class=\"has-text-align-left\" data-align=\"left\"><strong>RELATO DE EXPERI\u00caNCIA<\/strong><\/td><\/tr><tr><td class=\"has-text-align-left\" data-align=\"left\"><a aria-label=\" (opens in a new tab)\" href=\"https:\/\/here.abennacional.org.br\/here\/v13\/n2\/a5.pdf\" target=\"_blank\" rel=\"noreferrer noopener\" class=\"ek-link\"><strong>Ensino de hist\u00f3ria da enfermagem na gradua\u00e7\u00e3o na pandemia de COVID-19 no ano de 2020<\/strong><\/a><br><em>Teaching nursing history in undergraduate education during the COVID-19 pandemic in 2020<br>Ense\u00f1anza de historia de la enfermer\u00eda en la graduaci\u00f3n durante la pandemia de COVID-19 en el a\u00f1o de 2020<\/em><br>Margarete Bernardo Tavares da Silva, Pacita Geovana Gama de Sousa Aperibense, Luana Valentim Monteiro, Maria de F\u00e1tima da Silva Castro, Daniela Vieira Malta, Camila Pureza Guimar\u00e3es da Silva<\/td><\/tr><\/tbody><\/table><\/figure>\n","protected":false},"excerpt":{"rendered":"<p>EDITORIALEspecializa\u00e7\u00e3o em Hist\u00f3ria da EnfermagemFernando PortoSpecialization in History of NursingFernando PortoEspecializaci\u00f3n en la Historia de la Enfermer\u00edaFernando Porto ARTIGOS ORIGINAISMarcos hist\u00f3ricos e legais da educa\u00e7\u00e3o profissional t\u00e9cnica de n\u00edvel m\u00e9dio em enfermagem no Brasil ao&#8230;<\/p>\n","protected":false},"author":2,"featured_media":0,"comment_status":"closed","ping_status":"closed","sticky":false,"template":"","format":"standard","meta":{"_editorskit_title_hidden":false,"_editorskit_reading_time":0,"_editorskit_is_block_options_detached":false,"_editorskit_block_options_position":"{}","footnotes":""},"categories":[5],"tags":[],"class_list":["post-777","post","type-post","status-publish","format-standard","hentry","category-revista-here"],"_links":{"self":[{"href":"https:\/\/here.abennacional.org.br\/index.php?rest_route=\/wp\/v2\/posts\/777"}],"collection":[{"href":"https:\/\/here.abennacional.org.br\/index.php?rest_route=\/wp\/v2\/posts"}],"about":[{"href":"https:\/\/here.abennacional.org.br\/index.php?rest_route=\/wp\/v2\/types\/post"}],"author":[{"embeddable":true,"href":"https:\/\/here.abennacional.org.br\/index.php?rest_route=\/wp\/v2\/users\/2"}],"replies":[{"embeddable":true,"href":"https:\/\/here.abennacional.org.br\/index.php?rest_route=%2Fwp%2Fv2%2Fcomments&post=777"}],"version-history":[{"count":4,"href":"https:\/\/here.abennacional.org.br\/index.php?rest_route=\/wp\/v2\/posts\/777\/revisions"}],"predecessor-version":[{"id":782,"href":"https:\/\/here.abennacional.org.br\/index.php?rest_route=\/wp\/v2\/posts\/777\/revisions\/782"}],"wp:attachment":[{"href":"https:\/\/here.abennacional.org.br\/index.php?rest_route=%2Fwp%2Fv2%2Fmedia&parent=777"}],"wp:term":[{"taxonomy":"category","embeddable":true,"href":"https:\/\/here.abennacional.org.br\/index.php?rest_route=%2Fwp%2Fv2%2Fcategories&post=777"},{"taxonomy":"post_tag","embeddable":true,"href":"https:\/\/here.abennacional.org.br\/index.php?rest_route=%2Fwp%2Fv2%2Ftags&post=777"}],"curies":[{"name":"wp","href":"https:\/\/api.w.org\/{rel}","templated":true}]}}