{"id":638,"date":"2020-10-25T22:57:19","date_gmt":"2020-10-25T22:57:19","guid":{"rendered":"http:\/\/here.abennacional.org.br\/revista\/here\/?p=638"},"modified":"2020-10-25T23:33:10","modified_gmt":"2020-10-25T23:33:10","slug":"volume-11-n-2-2020","status":"publish","type":"post","link":"https:\/\/here.abennacional.org.br\/?p=638","title":{"rendered":"VOLUME 11 n.2 2020"},"content":{"rendered":"<p><a href=\"https:\/\/here.abennacional.org.br\/wp-content\/uploads\/2017\/03\/HERE_banner_2_site.gif\"><img loading=\"lazy\" decoding=\"async\" width=\"300\" height=\"101\" class=\"wp-image-507\" src=\"https:\/\/here.abennacional.org.br\/wp-content\/uploads\/2017\/03\/HERE_banner_2_site-300x101.gif\" alt=\"HERE_banner_2_site\"><\/a><\/p>\n<table border=\"0\" cellspacing=\"0\" cellpadding=\"0\" align=\"left\">\n<tbody>\n<tr>\n<td>\n<h6 align=\"left\"><strong>EDITORIAL<\/strong><\/h6>\n<\/td>\n<\/tr>\n<tr>\n<td>\n<h6 align=\"left\"><a href=\"https:\/\/here.abennacional.org.br\/here\/v11\/n2\/EDITORIAL_pt.pdf\">Laborat\u00f3rio de Pesquisas em Hist\u00f3ria do Conhecimento da Enfermagem e Sa\u00fade &#8211; GEHCES &#8211; 25 anos construindo hist\u00f3rias<\/a><br \/>\nMaria Itayra Padilha, Miriam Susskind Borenstein, Maria L\u00edgia dos Reis Bellaguarda<\/h6>\n<\/td>\n<\/tr>\n<tr>\n<td>\n<h6 align=\"left\"><a href=\"https:\/\/here.abennacional.org.br\/here\/v11\/n2\/EDITORIAL_en.pdf\"><em>Laboratory of Research Studies in History of Nursing and Health Knowledge &#8211; GEHCES &#8211; 25 years building stories<\/em><\/a><br \/>\nMaria Itayra Padilha, Miriam Susskind Borenstein, Maria L\u00edgia dos Reis Bellaguarda<\/h6>\n<\/td>\n<\/tr>\n<tr>\n<td>\n<h6 align=\"left\"><a href=\"https:\/\/here.abennacional.org.br\/here\/v11\/n2\/EDITORIAL_es.pdf\"><em>Laboratorio de Investigaci\u00f3n en Historia del Conocimiento en Enfermer\u00eda y Salud &#8211; GEHCES &#8211; 25 a\u00f1os construyendo historias<\/em><\/a><br \/>\nMaria Itayra Padilha, Miriam Susskind Borenstein, Maria L\u00edgia dos Reis Bellaguarda<\/h6>\n<\/td>\n<\/tr>\n<\/tbody>\n<\/table>\n<table border=\"0\" cellspacing=\"0\" cellpadding=\"0\" align=\"left\">\n<tbody>\n<tr>\n<td>\n<h6 align=\"left\"><strong>ARTIGOS ORIGINAIS<\/strong><\/h6>\n<\/td>\n<\/tr>\n<tr>\n<td>\n<h6 align=\"left\"><a href=\"https:\/\/here.abennacional.org.br\/here\/v11\/n2\/a1.pdf\">Curso de enfermagem da Universidade de Bras\u00edlia: trajet\u00f3ria (1975-2015)<\/a><br \/>\n<em>Nursing course at the University of Brasilia: Historical path (1975-2015)<\/em><br \/>\n<em>Carrera de enfermer\u00eda de la Universidad de Brasilia: trayectoria (1975-2015)<\/em><br \/>\nWender Ferreira dos Santos, Keila Cristianne Trindade da Cruz, Andr\u00e9a Mathes Faustino<\/h6>\n<\/td>\n<\/tr>\n<tr>\n<td>\n<h6 align=\"left\"><a href=\"https:\/\/here.abennacional.org.br\/here\/v11\/n2\/a2.pdf\">O processo legal de incorpora\u00e7\u00e3o da Policl\u00ednica Piquet Carneiro \u00e0 Universidade do Estado do Rio de Janeiro (1995-2008)<\/a><br \/>\n<em>The legal process of incorporation of the Piquet Carneiro Polyclinic to the Rio de Janeiro State University (1995\u20132008)<\/em><br \/>\n<em>El proceso legal de incorporaci\u00f3n de la Policl\u00ednica Piquet Carneiro a la Universidad del Estado de R\u00edo de Janeiro (1995\u20132008)<\/em><br \/>\nLaura Greco Gioia, Maria Lelita Xavier, Maria Regina Araujo Reicherte Pimentel, Thaina Freire Ramos, Maria Ang\u00e9lica de Almeida Peres, Maritza Consuelo Ortiz Sanchez<\/h6>\n<\/td>\n<\/tr>\n<tr>\n<td>\n<h6 align=\"left\"><a href=\"https:\/\/here.abennacional.org.br\/here\/v11\/n2\/a3.pdf\">Terapia intravenosa: as primeiras atribui\u00e7\u00f5es dos enfermeiros no Brasil (1916-1943)<\/a><br \/>\n<em>Intravenous therapy: The first duties of nurses in Brazil (1916-1943)<\/em><br \/>\n<em>Terapia intravenosa: las primeras atribuciones de enfermeras en Brasil (1916-1943)<\/em><br \/>\nRicardo Quint\u00e3o Vieira, Telma Christina do Campo Silva, Kelly Onaga Jahana, Dafna Maida Pardo, Fabricio de Jesus Gimenez<\/h6>\n<\/td>\n<\/tr>\n<\/tbody>\n<\/table>\n<table border=\"0\" cellspacing=\"0\" cellpadding=\"0\" align=\"left\">\n<tbody>\n<tr>\n<td>\n<h6 align=\"left\"><strong>REVIS\u00c3O INTEGRATIVA<\/strong><\/h6>\n<\/td>\n<\/tr>\n<tr>\n<td>\n<h6 align=\"left\"><a href=\"https:\/\/here.abennacional.org.br\/here\/v11\/n2\/a4.pdf\">Resgate hist\u00f3rico dos avan\u00e7os da Enfermagem Obst\u00e9trica brasileira<\/a><br \/>\n<em>Historical rescue of the advances in Brazilian Obstetric Nursing<br \/>\nRescate hist\u00f3rico de los avances en la Enfermer\u00eda Obst\u00e9trica brasile\u00f1a<\/em><br \/>\nFernanda Alves dos Santos Carregal, Rafaela Siqueira Costa Schreck, Fernanda Batista Oliveira Santos, Maria Ang\u00e9lica de Almeida Peres<\/h6>\n<\/td>\n<\/tr>\n<\/tbody>\n<\/table>\n<table border=\"0\" cellspacing=\"0\" cellpadding=\"0\" align=\"left\">\n<tbody>\n<tr>\n<td>\n<h6 align=\"left\"><strong>REFLEX\u00c3O<\/strong><\/h6>\n<\/td>\n<\/tr>\n<tr>\n<td>\n<h6 align=\"left\"><a href=\"https:\/\/here.abennacional.org.br\/here\/v11\/n2\/a5.pdf\">Hist\u00f3ria e processos de trabalho da enfermagem em Centrais de Material e Esteriliza\u00e7\u00e3o<\/a><br \/>\n<em>Historia y proceso de trabajo de la enfermer\u00eda en Centros de Material y Esterilizaci\u00f3n<br \/>\nHistory and work process of Nursing in Materials and Sterilization Centers<\/em><br \/>\nDjailson Jos\u00e9 Delgado Carlos, Cristiane Ribeiro de Melo Lino, Su\u00eania Silva de Mesquita Xavier, Luciane Paula Batista Ara\u00fajo de Oliveira, K\u00e1tia Regina Barros Ribeiro, Wanessa Cristina Tomaz dos Santos Barros<\/h6>\n<\/td>\n<\/tr>\n<\/tbody>\n<\/table>\n","protected":false},"excerpt":{"rendered":"<p>EDITORIAL Laborat\u00f3rio de Pesquisas em Hist\u00f3ria do Conhecimento da Enfermagem e Sa\u00fade &#8211; GEHCES &#8211; 25 anos construindo hist\u00f3rias Maria Itayra Padilha, Miriam Susskind Borenstein, Maria L\u00edgia dos Reis Bellaguarda Laboratory of Research Studies in&#8230;<\/p>\n","protected":false},"author":2,"featured_media":0,"comment_status":"closed","ping_status":"closed","sticky":false,"template":"","format":"standard","meta":{"_editorskit_title_hidden":false,"_editorskit_reading_time":0,"_editorskit_is_block_options_detached":false,"_editorskit_block_options_position":"{}","footnotes":""},"categories":[5],"tags":[],"class_list":["post-638","post","type-post","status-publish","format-standard","hentry","category-revista-here"],"_links":{"self":[{"href":"https:\/\/here.abennacional.org.br\/index.php?rest_route=\/wp\/v2\/posts\/638"}],"collection":[{"href":"https:\/\/here.abennacional.org.br\/index.php?rest_route=\/wp\/v2\/posts"}],"about":[{"href":"https:\/\/here.abennacional.org.br\/index.php?rest_route=\/wp\/v2\/types\/post"}],"author":[{"embeddable":true,"href":"https:\/\/here.abennacional.org.br\/index.php?rest_route=\/wp\/v2\/users\/2"}],"replies":[{"embeddable":true,"href":"https:\/\/here.abennacional.org.br\/index.php?rest_route=%2Fwp%2Fv2%2Fcomments&post=638"}],"version-history":[{"count":8,"href":"https:\/\/here.abennacional.org.br\/index.php?rest_route=\/wp\/v2\/posts\/638\/revisions"}],"predecessor-version":[{"id":649,"href":"https:\/\/here.abennacional.org.br\/index.php?rest_route=\/wp\/v2\/posts\/638\/revisions\/649"}],"wp:attachment":[{"href":"https:\/\/here.abennacional.org.br\/index.php?rest_route=%2Fwp%2Fv2%2Fmedia&parent=638"}],"wp:term":[{"taxonomy":"category","embeddable":true,"href":"https:\/\/here.abennacional.org.br\/index.php?rest_route=%2Fwp%2Fv2%2Fcategories&post=638"},{"taxonomy":"post_tag","embeddable":true,"href":"https:\/\/here.abennacional.org.br\/index.php?rest_route=%2Fwp%2Fv2%2Ftags&post=638"}],"curies":[{"name":"wp","href":"https:\/\/api.w.org\/{rel}","templated":true}]}}