{"id":177,"date":"2014-11-02T16:49:15","date_gmt":"2014-11-02T16:49:15","guid":{"rendered":"http:\/\/here.abennacional.org.br\/revista\/here\/?p=177"},"modified":"2017-03-02T17:51:50","modified_gmt":"2017-03-02T17:51:50","slug":"vol-5-n1-janjul-2014","status":"publish","type":"post","link":"https:\/\/here.abennacional.org.br\/?p=177","title":{"rendered":"VOLUME 5 n.1 2014"},"content":{"rendered":"<p><a href=\"https:\/\/here.abennacional.org.br\/wp-content\/uploads\/2015\/10\/HERE_banner_1_site.gif\"><img loading=\"lazy\" decoding=\"async\" class=\"wp-image-510 size-full alignleft\" src=\"https:\/\/here.abennacional.org.br\/wp-content\/uploads\/2015\/10\/HERE_banner_1_site.gif\" alt=\"\" width=\"251\" height=\"261\" \/><\/a><\/p>\n<p align=\"justify\">Todos os arquivos est\u00e3o em formato Adobe PDF.<br \/>\nPara baixar o Adobe Reader, <a class=\"cor\" href=\"http:\/\/get.adobe.com\/br\/reader\/\">clique aqui<\/a>.<\/p>\n<p><b><u>SUM\u00c1RIO<\/u>:<\/b><\/p>\n<p><strong>EDITORIAL<\/strong><br \/>\n<a class=\"cor\" href=\"https:\/\/here.abennacional.org.br\/here\/vol5num1_editorial_port.pdf\">A produ\u00e7\u00e3o em hist\u00f3ria como fundamenta\u00e7\u00e3o a atualidade.<\/a><br \/>\nMaria L\u00edgia dos Reis Bellaguarda<br \/>\nP\u00e1ginas 1-2<br \/>\n&#8211; <strong>Production in history as a current basis<\/strong>&#8211; <a class=\"cor\" href=\"https:\/\/here.abennacional.org.br\/here\/vol5num1_editorial_eng.pdf\"><em>English Version<\/em><\/a><br \/>\nMaria L\u00edgia dos Reis Bellaguarda<br \/>\n&#8211; <strong>La producci\u00f3n en historia como fundamentaci\u00f3n en la actualidad<\/strong> &#8211; <a class=\"cor\" href=\"https:\/\/here.abennacional.org.br\/here\/vol5num1_editorial_esp.pdf\"><em>Versi\u00f3n espa\u00f1ola<\/em><\/a><br \/>\nMaria L\u00edgia dos Reis Bellaguarda<\/p>\n<p><strong>ARTIGOS ORIGINAIS<\/strong><br \/>\n1 \u2013 <strong><a class=\"cor\" href=\"https:\/\/here.abennacional.org.br\/here\/vol5num1artigo1.pdf\">Confer\u00eancias Nacionais de Sa\u00fade e o Servi\u00e7o de Ouvidoria no Brasil.<\/a><\/strong><br \/>\nMarco Ant\u00f4nio dos Santos<br \/>\nVanessa Ribeiro Neves<br \/>\nMaria Cristina Sanna<br \/>\nP\u00e1ginas 3-14<\/p>\n<p>2 &#8211; <strong><a class=\"cor\" href=\"https:\/\/here.abennacional.org.br\/here\/vol5num1artigo2.pdf\">Boletim Informativo do Coren-SP (1992-1996): Personagens\/Autores Participantes.<\/a><\/strong><br \/>\nLeila Maria Rissi Caverni<br \/>\nMarco Ant\u00f4nio dos Santos<br \/>\nRicardo Quint\u00e3o Vieira<br \/>\nAline Correa de Araujo<br \/>\nP\u00e1ginas 15-25<\/p>\n<p>3 &#8211; <strong><a class=\"cor\" href=\"https:\/\/here.abennacional.org.br\/here\/vol5num1artigo3.pdf\">Manual de Educa\u00e7\u00e3o do Servi\u00e7o de Enfermagem de um Hospital Modelo-refer\u00eancia da cidade de S\u00e3o Paulo nos anos 1970.<\/a><\/strong><br \/>\nDanilo Fernandes Brasileiro<br \/>\nMaria Cristina Sanna<br \/>\nP\u00e1ginas 16-34<\/p>\n<p><strong>ARTIGOS DE REVIS\u00c3O<\/strong><br \/>\n4 &#8211; <strong><a class=\"cor\" href=\"https:\/\/here.abennacional.org.br\/here\/vol5num1artigo4.pdf\">Avalia\u00e7\u00e3o com Egressos da Gradua\u00e7\u00e3o em Enfermagem: Publica\u00e7\u00f5es Nacionais entre 2001-2011.<\/a><\/strong><br \/>\nMaria Aparecida Vieira<br \/>\nLu\u00eds Paulo Souza e Souza<br \/>\nConcei\u00e7\u00e3o Vieira da Silva Ohara<br \/>\nEdvane Birelo Lopes De Domenico<br \/>\nP\u00e1ginas 35-53<\/p>\n<p>5 &#8211; <strong><a class=\"cor\" href=\"https:\/\/here.abennacional.org.br\/here\/vol5num1artigo5.pdf\">Viol\u00eancia de g\u00eanero: um olhar hist\u00f3rico. <\/a><\/strong><br \/>\nJaime Alonso Caravaca Morera<br \/>\nDaniela Esp\u00edndola<br \/>\nJuliana Bonetti de Carvalho<br \/>\nAdriana Rufino Moreira<br \/>\nMaria Itayra Padilha.<br \/>\nP\u00e1ginas 54-66<\/p>\n<p>6 &#8211; <strong><a class=\"cor\" href=\"https:\/\/here.abennacional.org.br\/here\/vol5num1artigo6.pdf\">Hist\u00f3ria da Assist\u00eancia de Enfermagem Brasileira na Hipertens\u00e3o Arterial (1932-1988).<\/a><\/strong><br \/>\nRicardo Quint\u00e3o Vieira<br \/>\nElaine Cristina de Oliveira<br \/>\nJosefa Vieira de Lima<br \/>\nArlete Bernardes Rubbo<br \/>\nP\u00e1ginas 67-82<\/p>\n<p><strong>REFLEX\u00c3O<\/strong><br \/>\n7 &#8211; <strong><a class=\"cor\" href=\"https:\/\/here.abennacional.org.br\/here\/vol5num1artigo7.pdf\">Historicidade da enfermagem nos espa\u00e7os de poder.<\/a><\/strong><br \/>\nMaria Ang\u00e9lica de Almeida Peres<br \/>\nAntonio Jos\u00e9 de Almeida Filho<br \/>\nLygia Paim<br \/>\nP\u00e1ginas 83-94<\/p>\n<p>8 &#8211; <strong><a class=\"cor\" href=\"https:\/\/here.abennacional.org.br\/here\/vol5num1artigo8.pdf\">Fazer viver ou deixar morrer? Interfaces da biopol\u00edtica contempor\u00e2nea.<\/a><\/strong><br \/>\nFranciele Roberta Cordeiro<br \/>\nCristiane Trivisiol da Silva<br \/>\nMonalisa da Silva Pinheiro<br \/>\nP\u00e1ginas 95-107<\/p>\n<p><strong>BIOGRAFIA<\/strong><br \/>\n9 &#8211; <strong><a class=\"cor\" href=\"https:\/\/here.abennacional.org.br\/here\/vol5num1artigo9.pdf\">Trajet\u00f3rias Escolhidas, Vidas Compartidas junto ao Conselho Profissional de Enfermagem em Santa Catarina (1960-1970).<\/a> <\/strong><br \/>\nMaria L\u00edgia dos Reis Bellaguarda<br \/>\nMaria Itayra Padilha<br \/>\nP\u00e1ginas 108-135<\/p>\n<p>10 &#8211; <strong><a class=\"cor\" href=\"https:\/\/here.abennacional.org.br\/here\/vol5num1artigo10.pdf\">Irena Sendler, La Enfermera Salvadora Del Gueto De Varsovia.<\/a> <\/strong><br \/>\nRafael Mu\u00f1oz Cruz<br \/>\nMar\u00eda Rodr\u00edguez M\u00e1rmol<br \/>\nMarta Mar\u00eda Mart\u00ednez Cuevas<br \/>\nP\u00e1ginas 136-143<\/p>\n<p>&nbsp;<\/p>\n","protected":false},"excerpt":{"rendered":"<p>Todos os arquivos est\u00e3o em formato Adobe PDF. Para baixar o Adobe Reader, clique aqui. SUM\u00c1RIO: EDITORIAL A produ\u00e7\u00e3o em hist\u00f3ria como fundamenta\u00e7\u00e3o a atualidade. Maria L\u00edgia dos Reis Bellaguarda P\u00e1ginas 1-2 &#8211; Production in&#8230;<\/p>\n","protected":false},"author":1,"featured_media":0,"comment_status":"closed","ping_status":"closed","sticky":false,"template":"","format":"standard","meta":{"_editorskit_title_hidden":false,"_editorskit_reading_time":0,"_editorskit_is_block_options_detached":false,"_editorskit_block_options_position":"{}","footnotes":""},"categories":[5],"tags":[],"class_list":["post-177","post","type-post","status-publish","format-standard","hentry","category-revista-here"],"_links":{"self":[{"href":"https:\/\/here.abennacional.org.br\/index.php?rest_route=\/wp\/v2\/posts\/177"}],"collection":[{"href":"https:\/\/here.abennacional.org.br\/index.php?rest_route=\/wp\/v2\/posts"}],"about":[{"href":"https:\/\/here.abennacional.org.br\/index.php?rest_route=\/wp\/v2\/types\/post"}],"author":[{"embeddable":true,"href":"https:\/\/here.abennacional.org.br\/index.php?rest_route=\/wp\/v2\/users\/1"}],"replies":[{"embeddable":true,"href":"https:\/\/here.abennacional.org.br\/index.php?rest_route=%2Fwp%2Fv2%2Fcomments&post=177"}],"version-history":[{"count":7,"href":"https:\/\/here.abennacional.org.br\/index.php?rest_route=\/wp\/v2\/posts\/177\/revisions"}],"predecessor-version":[{"id":524,"href":"https:\/\/here.abennacional.org.br\/index.php?rest_route=\/wp\/v2\/posts\/177\/revisions\/524"}],"wp:attachment":[{"href":"https:\/\/here.abennacional.org.br\/index.php?rest_route=%2Fwp%2Fv2%2Fmedia&parent=177"}],"wp:term":[{"taxonomy":"category","embeddable":true,"href":"https:\/\/here.abennacional.org.br\/index.php?rest_route=%2Fwp%2Fv2%2Fcategories&post=177"},{"taxonomy":"post_tag","embeddable":true,"href":"https:\/\/here.abennacional.org.br\/index.php?rest_route=%2Fwp%2Fv2%2Ftags&post=177"}],"curies":[{"name":"wp","href":"https:\/\/api.w.org\/{rel}","templated":true}]}}